{"id":266,"date":"2023-10-01T21:49:29","date_gmt":"2023-10-02T00:49:29","guid":{"rendered":"https:\/\/portfolio.marciel.pro\/?p=266"},"modified":"2026-03-25T13:37:13","modified_gmt":"2026-03-25T16:37:13","slug":"e-mail-black-friday-avon","status":"publish","type":"post","link":"https:\/\/portfolio.marciel.pro\/index.php\/2023\/10\/01\/e-mail-black-friday-avon\/","title":{"rendered":"E-mail: Black Friday Avon"},"content":{"rendered":"\n<p>A pe\u00e7a a seguir foi criada para a primeira campanha de Black Friday da Avon, direcionada a revendedoras.<\/p>\n\n\n\n<p>Por ser um e-mail direcionado \u00e0s consultoras, <strong>todos os produtos devem apresentar seu n\u00famero de referencia, descri\u00e7\u00e3o, pre\u00e7o e oferta<\/strong>.<\/p>\n\n\n\n<p>O e-mail seguiu a tend\u00eancia de cores da black friday e da marca.<\/p>\n\n\n\n<div style=\"height:20px\" aria-hidden=\"true\" class=\"wp-block-spacer\"><\/div>\n\n\n\n<figure class=\"wp-block-image aligncenter size-full\"><img loading=\"lazy\" decoding=\"async\" width=\"648\" height=\"2950\" src=\"https:\/\/portfolio.marciel.pro\/wp-content\/uploads\/2023\/10\/email-black-friday-avon.png\" alt=\"\" class=\"wp-image-267\" srcset=\"https:\/\/portfolio.marciel.pro\/wp-content\/uploads\/2023\/10\/email-black-friday-avon.png 648w, https:\/\/portfolio.marciel.pro\/wp-content\/uploads\/2023\/10\/email-black-friday-avon-66x300.png 66w, https:\/\/portfolio.marciel.pro\/wp-content\/uploads\/2023\/10\/email-black-friday-avon-225x1024.png 225w, https:\/\/portfolio.marciel.pro\/wp-content\/uploads\/2023\/10\/email-black-friday-avon-450x2048.png 450w\" sizes=\"auto, (max-width: 648px) 100vw, 648px\" \/><\/figure>\n","protected":false},"excerpt":{"rendered":"<p>A pe\u00e7a foi criada para a primeira campanha de Black Friday da Avon, direcionada a revendedoras.<\/p>\n","protected":false},"author":1,"featured_media":270,"comment_status":"closed","ping_status":"open","sticky":false,"template":"","format":"standard","meta":{"footnotes":""},"categories":[19,5],"tags":[6],"class_list":["post-266","post","type-post","status-publish","format-standard","has-post-thumbnail","hentry","category-avon","category-e-mail","tag-email"],"_links":{"self":[{"href":"https:\/\/portfolio.marciel.pro\/index.php\/wp-json\/wp\/v2\/posts\/266","targetHints":{"allow":["GET"]}}],"collection":[{"href":"https:\/\/portfolio.marciel.pro\/index.php\/wp-json\/wp\/v2\/posts"}],"about":[{"href":"https:\/\/portfolio.marciel.pro\/index.php\/wp-json\/wp\/v2\/types\/post"}],"author":[{"embeddable":true,"href":"https:\/\/portfolio.marciel.pro\/index.php\/wp-json\/wp\/v2\/users\/1"}],"replies":[{"embeddable":true,"href":"https:\/\/portfolio.marciel.pro\/index.php\/wp-json\/wp\/v2\/comments?post=266"}],"version-history":[{"count":1,"href":"https:\/\/portfolio.marciel.pro\/index.php\/wp-json\/wp\/v2\/posts\/266\/revisions"}],"predecessor-version":[{"id":269,"href":"https:\/\/portfolio.marciel.pro\/index.php\/wp-json\/wp\/v2\/posts\/266\/revisions\/269"}],"wp:featuredmedia":[{"embeddable":true,"href":"https:\/\/portfolio.marciel.pro\/index.php\/wp-json\/wp\/v2\/media\/270"}],"wp:attachment":[{"href":"https:\/\/portfolio.marciel.pro\/index.php\/wp-json\/wp\/v2\/media?parent=266"}],"wp:term":[{"taxonomy":"category","embeddable":true,"href":"https:\/\/portfolio.marciel.pro\/index.php\/wp-json\/wp\/v2\/categories?post=266"},{"taxonomy":"post_tag","embeddable":true,"href":"https:\/\/portfolio.marciel.pro\/index.php\/wp-json\/wp\/v2\/tags?post=266"}],"curies":[{"name":"wp","href":"https:\/\/api.w.org\/{rel}","templated":true}]}}